{"id":2531,"date":"2022-03-14T20:24:17","date_gmt":"2022-03-14T19:24:17","guid":{"rendered":"https:\/\/www.giteexperience.com\/?page_id=2531"},"modified":"2023-11-15T16:15:31","modified_gmt":"2023-11-15T15:15:31","slug":"le-pied-a-terre-comme-a-la-maison-a-marmoutier-a-cote-de-saverne","status":"publish","type":"post","link":"https:\/\/www.giteexperience.com\/pt\/le-pied-a-terre-comme-a-la-maison-a-marmoutier-a-cote-de-saverne\/","title":{"rendered":"Le Pied \u00e0 Terre : Comme \u00e0 la Maison \u00e0 Marmoutier \u00e0 cot\u00e9 de Saverne"},"content":{"rendered":"<div data-elementor-type=\"wp-page\" data-elementor-id=\"2531\" class=\"elementor elementor-2531\">\n\t\t\t\t\t\t<section class=\"elementor-section elementor-top-section elementor-element elementor-element-xzv1c7c elementor-section-boxed elementor-section-height-default elementor-section-height-default\" data-id=\"xzv1c7c\" data-element_type=\"section\" data-settings=\"{&quot;background_background&quot;:&quot;classic&quot;}\">\n\t\t\t\t\t\t<div class=\"elementor-container elementor-column-gap-default\">\n\t\t\t\t\t<div class=\"elementor-column elementor-col-50 elementor-top-column elementor-element elementor-element-1m6w5cw\" data-id=\"1m6w5cw\" data-element_type=\"column\" data-settings=\"{&quot;background_background&quot;:&quot;classic&quot;}\">\n\t\t\t<div class=\"elementor-widget-wrap elementor-element-populated\">\n\t\t\t\t\t\t<div class=\"elementor-element elementor-element-e5psqw1 elementor-widget elementor-widget-heading\" data-id=\"e5psqw1\" data-element_type=\"widget\" data-widget_type=\"heading.default\">\n\t\t\t\t<div class=\"elementor-widget-container\">\n\t\t\t\t\t<h1 class=\"elementor-heading-title elementor-size-default\">Le g\u00eete de vacances le Pied \u00e0 Terre : votre appartement priv\u00e9<\/h1>\t\t\t\t<\/div>\n\t\t\t\t<\/div>\n\t\t\t\t<div class=\"elementor-element elementor-element-12ayfq6 elementor-widget elementor-widget-text-editor\" data-id=\"12ayfq6\" data-element_type=\"widget\" data-widget_type=\"text-editor.default\">\n\t\t\t\t<div class=\"elementor-widget-container\">\n\t\t\t\t\t\t\t\t\t<p>Voc\u00ea deseja visitar<b>Als\u00e1cia<\/b> para a sua<b> f\u00e9rias, um fim-de-semana,<\/b> uma parada antes de o Europa-Park ? Esta regi\u00e3o hist\u00f3rica do Reno sem formata\u00e7\u00e3o, que agora faz parte do <b>Grand-Est<\/b> uma para agradar ao p\u00fablico. Turismo na Als\u00e1cia para f\u00e9rias em fam\u00edlia ou um ficar com os amigos \u00e9 rico em n\u00famero de locais a visitar. Confira <b>Estrasburgo<\/b>, <b>Saverne<\/b>a aldeia de <b>Saint Quirin<\/b> classificada entre as mais belas aldeias da Fran\u00e7a... os Pequenos e os grandes, os lustres da hist\u00f3ria, e a natureza, o<b>Als\u00e1cia <\/b>vai encant\u00e1-lo.<\/p><p>E ent\u00e3o, depois de passear voc\u00ea pode relaxar em casa em todas as esta\u00e7\u00f5es, o <b>g\u00eete Le Pied \u00e0 Terre<\/b>. Um <b>apartamento, <\/b>moderne et cosy, <b>decorados com bom gosto<\/b>no centro da pequena cidade tipicamente <b>alsaciano<\/b> de <b>Marmoutier<\/b>.<\/p>\t\t\t\t\t\t\t\t<\/div>\n\t\t\t\t<\/div>\n\t\t\t\t\t<\/div>\n\t\t<\/div>\n\t\t\t\t<div class=\"elementor-column elementor-col-50 elementor-top-column elementor-element elementor-element-5pbrfdr\" data-id=\"5pbrfdr\" data-element_type=\"column\">\n\t\t\t<div class=\"elementor-widget-wrap elementor-element-populated\">\n\t\t\t\t\t\t<div class=\"elementor-element elementor-element-2b827b5 elementor-align-center elementor-widget elementor-widget-button\" data-id=\"2b827b5\" data-element_type=\"widget\" data-widget_type=\"button.default\">\n\t\t\t\t<div class=\"elementor-widget-container\">\n\t\t\t\t\t\t\t\t\t<div class=\"elementor-button-wrapper\">\n\t\t\t\t\t<a class=\"elementor-button elementor-button-link elementor-size-sm\" href=\"https:\/\/app.superhote.com\/#\/rental\/propertyKeyGSBo2Sui10cjwwhcJVnue0HAJ?startDate=&#038;endDate=&#038;adultsNumber=1&#038;childrenNumber=0&#038;lang=fr\">\n\t\t\t\t\t\t<span class=\"elementor-button-content-wrapper\">\n\t\t\t\t\t\t<span class=\"elementor-button-icon\">\n\t\t\t\t<i aria-hidden=\"true\" class=\"fas fa-angle-right\"><\/i>\t\t\t<\/span>\n\t\t\t\t\t\t\t\t\t<span class=\"elementor-button-text\">Clique aqui para reservar<\/span>\n\t\t\t\t\t<\/span>\n\t\t\t\t\t<\/a>\n\t\t\t\t<\/div>\n\t\t\t\t\t\t\t\t<\/div>\n\t\t\t\t<\/div>\n\t\t\t\t\t<\/div>\n\t\t<\/div>\n\t\t\t\t\t<\/div>\n\t\t<\/section>\n\t\t\t\t<section class=\"elementor-section elementor-top-section elementor-element elementor-element-921ed73 elementor-section-boxed elementor-section-height-default elementor-section-height-default\" data-id=\"921ed73\" data-element_type=\"section\" data-settings=\"{&quot;background_background&quot;:&quot;classic&quot;}\">\n\t\t\t\t\t\t<div class=\"elementor-container elementor-column-gap-default\">\n\t\t\t\t\t<div class=\"elementor-column elementor-col-100 elementor-top-column elementor-element elementor-element-bffadad\" data-id=\"bffadad\" data-element_type=\"column\">\n\t\t\t<div class=\"elementor-widget-wrap elementor-element-populated\">\n\t\t\t\t\t\t<section class=\"elementor-section elementor-inner-section elementor-element elementor-element-0ced51a elementor-section-content-middle elementor-section-boxed elementor-section-height-default elementor-section-height-default\" data-id=\"0ced51a\" data-element_type=\"section\">\n\t\t\t\t\t\t<div class=\"elementor-container elementor-column-gap-default\">\n\t\t\t\t\t<div class=\"elementor-column elementor-col-66 elementor-inner-column elementor-element elementor-element-d6e8e64\" data-id=\"d6e8e64\" data-element_type=\"column\">\n\t\t\t<div class=\"elementor-widget-wrap elementor-element-populated\">\n\t\t\t\t\t\t<div class=\"elementor-element elementor-element-b04bc71 elementor-widget elementor-widget-text-editor\" data-id=\"b04bc71\" data-element_type=\"widget\" data-widget_type=\"text-editor.default\">\n\t\t\t\t<div class=\"elementor-widget-container\">\n\t\t\t\t\t\t\t\t\t<h2>Le Pied \u00e0 Terre : Votre petit logement Cosy \u00e0 Marmoutier<\/h2><h3>Le confort d\u2019un g\u00eete pour 4 personnes<\/h3><p>Garez-vous sur les nombreuses places disponible dans la rue principale, et ouvrez votre porte en Rez de Chauss\u00e9, pour acc\u00e9der aux 35m2 du g\u00eete tout confort Le Pied \u00e0 Terre.<\/p><p>Sans vous posez de questions, avec le code d&rsquo;entr\u00e9e qui vous a \u00e9t\u00e9 remis, vous entrez dans un appartement totalement neuf pouvant accueillir 4 personnes. Tout est pr\u00eat pour que vous vous sentiez imm\u00e9diatement comme chez vous.<\/p><p>D\u00e9couvrez :<\/p><ul><li aria-level=\"1\">La chambre offrant un lit double queen size. Des draps propres sont \u00e0 votre disposition.<\/li><li aria-level=\"1\">La cuisine \u00e9quip\u00e9e\u00a0 avec des \u00e9lectrom\u00e9nagers neufs et de tout le mat\u00e9riel n\u00e9cessaire \u00e0 votre activit\u00e9 culinaire. Si vous arrivez le soir, vous aurez de quoi prendre votre petit-d\u00e9jeuner en toute qui\u00e9tude.<\/li><li aria-level=\"1\">A luminosa sala principal com uma \u00e1rea de estar com um sof\u00e1-cama e uma \u00e1rea de jantar.<\/li><li aria-level=\"1\">La salle de bain avec baignoire, serviettes, shampoing et produits pour la douche.<\/li><\/ul><p>Os extras :<\/p><ul><li aria-level=\"1\">WIFI : pour un acc\u00e8s \u00e0 internet gratuit et illimit\u00e9 en fibre optique 500 M\u00e9ga<\/li><li aria-level=\"1\">T\u00e9l\u00e9vision \u00e0 \u00e9cran<\/li><li aria-level=\"1\">M\u00e1quina de lavar roupa e estendal<\/li><li aria-level=\"1\">Aquecimento Central a g\u00e1s o ano inteiro, com \u00e1gua quente, sem nenhum custo extra<\/li><li aria-level=\"1\">Detector de fuma\u00e7a<\/li><li aria-level=\"1\">Limpeza no final da estadia inclu\u00eddo no aluguer de<\/li><li aria-level=\"1\">Para o respeito de todos : nossos amigos animais n\u00e3o s\u00e3o aceitos, e os fumantes ter\u00e3o que sair<\/li><\/ul>\t\t\t\t\t\t\t\t<\/div>\n\t\t\t\t<\/div>\n\t\t\t\t\t<\/div>\n\t\t<\/div>\n\t\t\t\t<div class=\"elementor-column elementor-col-33 elementor-inner-column elementor-element elementor-element-58ba644\" data-id=\"58ba644\" data-element_type=\"column\">\n\t\t\t<div class=\"elementor-widget-wrap elementor-element-populated\">\n\t\t\t\t\t\t<div class=\"elementor-element elementor-element-9830709 elementor-widget elementor-widget-image\" data-id=\"9830709\" data-element_type=\"widget\" data-widget_type=\"image.default\">\n\t\t\t\t<div class=\"elementor-widget-container\">\n\t\t\t\t\t\t\t\t\t\t\t\t<figure class=\"wp-caption\">\n\t\t\t\t\t\t\t\t\t\t<img fetchpriority=\"high\" decoding=\"async\" width=\"1024\" height=\"766\" src=\"https:\/\/www.giteexperience.com\/wp-content\/uploads\/2022\/03\/08-1024x766.jpg\" class=\"attachment-large size-large wp-image-2536\" alt=\"\" srcset=\"https:\/\/www.giteexperience.com\/wp-content\/uploads\/2022\/03\/08-1024x766.jpg 1024w, https:\/\/www.giteexperience.com\/wp-content\/uploads\/2022\/03\/08-300x225.jpg 300w, https:\/\/www.giteexperience.com\/wp-content\/uploads\/2022\/03\/08-768x575.jpg 768w, https:\/\/www.giteexperience.com\/wp-content\/uploads\/2022\/03\/08-1536x1150.jpg 1536w, https:\/\/www.giteexperience.com\/wp-content\/uploads\/2022\/03\/08-16x12.jpg 16w, https:\/\/www.giteexperience.com\/wp-content\/uploads\/2022\/03\/08.jpg 1980w\" sizes=\"(max-width: 1024px) 100vw, 1024px\" \/>\t\t\t\t\t\t\t\t\t\t\t<figcaption class=\"widget-image-caption wp-caption-text\">A cama de casal queen-size<\/figcaption>\n\t\t\t\t\t\t\t\t\t\t<\/figure>\n\t\t\t\t\t\t\t\t\t<\/div>\n\t\t\t\t<\/div>\n\t\t\t\t<div class=\"elementor-element elementor-element-2018aeb elementor-widget elementor-widget-image\" data-id=\"2018aeb\" data-element_type=\"widget\" data-widget_type=\"image.default\">\n\t\t\t\t<div class=\"elementor-widget-container\">\n\t\t\t\t\t\t\t\t\t\t\t\t<figure class=\"wp-caption\">\n\t\t\t\t\t\t\t\t\t\t<img decoding=\"async\" width=\"1024\" height=\"766\" src=\"https:\/\/www.giteexperience.com\/wp-content\/uploads\/2022\/03\/10-1024x766.jpg\" class=\"attachment-large size-large wp-image-2538\" alt=\"\" srcset=\"https:\/\/www.giteexperience.com\/wp-content\/uploads\/2022\/03\/10-1024x766.jpg 1024w, https:\/\/www.giteexperience.com\/wp-content\/uploads\/2022\/03\/10-300x225.jpg 300w, https:\/\/www.giteexperience.com\/wp-content\/uploads\/2022\/03\/10-768x575.jpg 768w, https:\/\/www.giteexperience.com\/wp-content\/uploads\/2022\/03\/10-1536x1150.jpg 1536w, https:\/\/www.giteexperience.com\/wp-content\/uploads\/2022\/03\/10-16x12.jpg 16w, https:\/\/www.giteexperience.com\/wp-content\/uploads\/2022\/03\/10.jpg 1980w\" sizes=\"(max-width: 1024px) 100vw, 1024px\" \/>\t\t\t\t\t\t\t\t\t\t\t<figcaption class=\"widget-image-caption wp-caption-text\">Le coin repas<\/figcaption>\n\t\t\t\t\t\t\t\t\t\t<\/figure>\n\t\t\t\t\t\t\t\t\t<\/div>\n\t\t\t\t<\/div>\n\t\t\t\t<div class=\"elementor-element elementor-element-1e5d03e elementor-widget elementor-widget-image\" data-id=\"1e5d03e\" data-element_type=\"widget\" data-widget_type=\"image.default\">\n\t\t\t\t<div class=\"elementor-widget-container\">\n\t\t\t\t\t\t\t\t\t\t\t\t<figure class=\"wp-caption\">\n\t\t\t\t\t\t\t\t\t\t<img decoding=\"async\" width=\"1024\" height=\"761\" src=\"https:\/\/www.giteexperience.com\/wp-content\/uploads\/2022\/03\/01-1024x761.jpg\" class=\"attachment-large size-large wp-image-2541\" alt=\"\" srcset=\"https:\/\/www.giteexperience.com\/wp-content\/uploads\/2022\/03\/01-1024x761.jpg 1024w, https:\/\/www.giteexperience.com\/wp-content\/uploads\/2022\/03\/01-300x223.jpg 300w, https:\/\/www.giteexperience.com\/wp-content\/uploads\/2022\/03\/01-768x571.jpg 768w, https:\/\/www.giteexperience.com\/wp-content\/uploads\/2022\/03\/01-1536x1141.jpg 1536w, https:\/\/www.giteexperience.com\/wp-content\/uploads\/2022\/03\/01-16x12.jpg 16w, https:\/\/www.giteexperience.com\/wp-content\/uploads\/2022\/03\/01.jpg 1980w\" sizes=\"(max-width: 1024px) 100vw, 1024px\" \/>\t\t\t\t\t\t\t\t\t\t\t<figcaption class=\"widget-image-caption wp-caption-text\">La cuisine<\/figcaption>\n\t\t\t\t\t\t\t\t\t\t<\/figure>\n\t\t\t\t\t\t\t\t\t<\/div>\n\t\t\t\t<\/div>\n\t\t\t\t\t<\/div>\n\t\t<\/div>\n\t\t\t\t\t<\/div>\n\t\t<\/section>\n\t\t\t\t\t<\/div>\n\t\t<\/div>\n\t\t\t\t\t<\/div>\n\t\t<\/section>\n\t\t\t\t<section class=\"elementor-section elementor-top-section elementor-element elementor-element-ae6e2b1 elementor-section-content-middle elementor-section-boxed elementor-section-height-default elementor-section-height-default\" data-id=\"ae6e2b1\" data-element_type=\"section\">\n\t\t\t\t\t\t<div class=\"elementor-container elementor-column-gap-default\">\n\t\t\t\t\t<div class=\"elementor-column elementor-col-100 elementor-top-column elementor-element elementor-element-2c7e6a0\" data-id=\"2c7e6a0\" data-element_type=\"column\">\n\t\t\t<div class=\"elementor-widget-wrap elementor-element-populated\">\n\t\t\t\t\t\t<section class=\"elementor-section elementor-inner-section elementor-element elementor-element-d3a41e9 elementor-section-boxed elementor-section-height-default elementor-section-height-default\" data-id=\"d3a41e9\" data-element_type=\"section\">\n\t\t\t\t\t\t<div class=\"elementor-container elementor-column-gap-default\">\n\t\t\t\t\t<div class=\"elementor-column elementor-col-50 elementor-inner-column elementor-element elementor-element-e1f97f5\" data-id=\"e1f97f5\" data-element_type=\"column\">\n\t\t\t<div class=\"elementor-widget-wrap elementor-element-populated\">\n\t\t\t\t\t\t<div class=\"elementor-element elementor-element-de15604 elementor-widget elementor-widget-image\" data-id=\"de15604\" data-element_type=\"widget\" data-widget_type=\"image.default\">\n\t\t\t\t<div class=\"elementor-widget-container\">\n\t\t\t\t\t\t\t\t\t\t\t\t<figure class=\"wp-caption\">\n\t\t\t\t\t\t\t\t\t\t<img loading=\"lazy\" decoding=\"async\" width=\"1023\" height=\"743\" src=\"https:\/\/www.giteexperience.com\/wp-content\/uploads\/2021\/04\/abbaye_marmoutier_facade.jpg\" class=\"attachment-large size-large wp-image-1694\" alt=\"\" srcset=\"https:\/\/www.giteexperience.com\/wp-content\/uploads\/2021\/04\/abbaye_marmoutier_facade.jpg 1023w, https:\/\/www.giteexperience.com\/wp-content\/uploads\/2021\/04\/abbaye_marmoutier_facade-300x218.jpg 300w, https:\/\/www.giteexperience.com\/wp-content\/uploads\/2021\/04\/abbaye_marmoutier_facade-768x558.jpg 768w\" sizes=\"(max-width: 1023px) 100vw, 1023px\" \/>\t\t\t\t\t\t\t\t\t\t\t<figcaption class=\"widget-image-caption wp-caption-text\">Vista do centro da cidade de Marmoutier<\/figcaption>\n\t\t\t\t\t\t\t\t\t\t<\/figure>\n\t\t\t\t\t\t\t\t\t<\/div>\n\t\t\t\t<\/div>\n\t\t\t\t\t<\/div>\n\t\t<\/div>\n\t\t\t\t<div class=\"elementor-column elementor-col-50 elementor-inner-column elementor-element elementor-element-d82ac74\" data-id=\"d82ac74\" data-element_type=\"column\">\n\t\t\t<div class=\"elementor-widget-wrap elementor-element-populated\">\n\t\t\t\t\t\t<div class=\"elementor-element elementor-element-7d87d82 elementor-widget elementor-widget-text-editor\" data-id=\"7d87d82\" data-element_type=\"widget\" data-widget_type=\"text-editor.default\">\n\t\t\t\t<div class=\"elementor-widget-container\">\n\t\t\t\t\t\t\t\t\t<h3>A comodidade de estar no centro da cidade de Marmoutier<\/h3><p>Cidade pequena, normalmente, alsaciano, Marmoutier vai encantar voc\u00ea. A casa est\u00e1 em estreita proximidade com as zonas comerciais e a uma caminhada de 15 minutos (3 minutos de carro) de um hipermercado.<\/p><p>Voc\u00ea pode visitar o Museu e patrim\u00f3nio do juda\u00edsmo alsaciano, o<a href=\"https:\/\/www.giteexperience.com\/pt\/l-abbaye-saint-etienne-de-marmoutier\/\">Abadia-A Igreja De Saint-Etienne<\/a> mas tamb\u00e9m <a href=\"https:\/\/www.cip-pointdorgue.fr\/\">O Centro de Interpreta\u00e7\u00e3o do Patrim\u00f3nio cl\u00edmax<\/a> rica em eventos, tais como as suas &#034;investiga\u00e7\u00f5es jogo&#034;, por exemplo. Os pequenos v\u00e3o se deliciar com a \u00e1rea de jogo interior Tim Tam Kids e o cavalo de Saverne.<\/p><p>E comer bem, <a href=\"http:\/\/restaurant-l-aura.fr\/\">&#034;A aura &#034;<\/a> vai ser perfeito.<\/p>\t\t\t\t\t\t\t\t<\/div>\n\t\t\t\t<\/div>\n\t\t\t\t\t<\/div>\n\t\t<\/div>\n\t\t\t\t\t<\/div>\n\t\t<\/section>\n\t\t\t\t\t<\/div>\n\t\t<\/div>\n\t\t\t\t\t<\/div>\n\t\t<\/section>\n\t\t\t\t<section class=\"elementor-section elementor-top-section elementor-element elementor-element-1012d6f elementor-section-boxed elementor-section-height-default elementor-section-height-default\" data-id=\"1012d6f\" data-element_type=\"section\" data-settings=\"{&quot;background_background&quot;:&quot;classic&quot;}\">\n\t\t\t\t\t\t<div class=\"elementor-container elementor-column-gap-default\">\n\t\t\t\t\t<div class=\"elementor-column elementor-col-100 elementor-top-column elementor-element elementor-element-2ec7a8f\" data-id=\"2ec7a8f\" data-element_type=\"column\">\n\t\t\t<div class=\"elementor-widget-wrap elementor-element-populated\">\n\t\t\t\t\t\t<div class=\"elementor-element elementor-element-6f25710 elementor-widget elementor-widget-text-editor\" data-id=\"6f25710\" data-element_type=\"widget\" data-widget_type=\"text-editor.default\">\n\t\t\t\t<div class=\"elementor-widget-container\">\n\t\t\t\t\t\t\t\t\t<h2>A casa Carpe Diem \u00e9 aproveitar cada dia passado na Als\u00e1cia<\/h2><h3>Para Visitar ao redor Marmoutier<\/h3><p>Le g\u00eete le Pied \u00e0 Terre, au c\u0153ur de Marmoutier, est un point de d\u00e9part id\u00e9al pour rayonner et visiter plusieurs hauts lieux de l\u2019Alsace.<\/p><p>Come\u00e7ando a partir de Estrasburgo, para uma pequena meia hora a partir de casa, de carro ou de transportes p\u00fablicos. Esta cidade classificada Cidade de Arte e Hist\u00f3ria ir\u00e1 agradar voc\u00ea. Desfrute de um passeio de barco, a p\u00e9, visitar a magn\u00edfica Catedral g\u00f3tica de Notre Dame, confira as cervejarias que brew pub Storig, crescer o seu conhecimento atrav\u00e9s da navega\u00e7\u00e3o atrav\u00e9s de muitos museus e monumentos hist\u00f3ricos, relaxar nos parques e jardins bot\u00e2nicos, passear no hist\u00f3rico bairro de la Petite France e n\u00e3o perca o fabuloso mercado de natal !<\/p><p>Mais perto de casa, a menos de 10 km de dist\u00e2ncia de carro ou de \u00f4nibus, confira a cidade de Saverne. A cinco minutos do centro da cidade, n\u00e3o perca a<a href=\"https:\/\/www.giteexperience.com\/pt\/le-port-de-plaisance-de-saverne\/\"> marina<\/a>de frente para o <a href=\"https:\/\/www.giteexperience.com\/pt\/le-port-de-plaisance-de-saverne\/\">Ch\u00e2teau des Rohan<\/a>. Oferece atividades culturais, festivas e divertido de abril a outubro. E voc\u00ea pode relaxar com a fam\u00edlia ou amigos para desfrutar da praia <a href=\"https:\/\/www.loceanide.fr\/page\/accueil\">centro de desportos aqu\u00e1ticos \u00e9 a Oc\u00e9anide<\/a>.<\/p><p>Na vizinhan\u00e7a de casa, confira o <a href=\"https:\/\/www.giteexperience.com\/pt\/la-tour-du-telegraphe-chappe\/\">Torre do Tel\u00e9grafo Chappe<\/a>o <a href=\"https:\/\/www.giteexperience.com\/pt\/le-chateau-du-haut-barr\/\">ch\u00e2teau du Haut-Barr<\/a> e <a href=\"https:\/\/www.giteexperience.com\/pt\/le-chateau-du-haut-barr-et-les-deux-geroldseck\/\">os dois Geroldseck<\/a>o <a href=\"https:\/\/www.giteexperience.com\/pt\/plan-incline-de-saint-louis-arzviller\/\">plano de inclin\u00e9 de Saint-Louis-Arzviller<\/a>o <a href=\"https:\/\/www.giteexperience.com\/pt\/la-grotte-de-saint-vit\/\">caverna de Saint-Vit<\/a>o Parque de animais de Sainte-Croix e, claro, o parc naturel r\u00e9gional des Vosges du Nord e, em particular, o <a href=\"https:\/\/www.giteexperience.com\/pt\/le-rocher-du-dabo\/\">rock de Dabo<\/a>, a cerca de vinte quil\u00f4metros apenas.<\/p>\t\t\t\t\t\t\t\t<\/div>\n\t\t\t\t<\/div>\n\t\t\t\t\t<\/div>\n\t\t<\/div>\n\t\t\t\t\t<\/div>\n\t\t<\/section>\n\t\t\t\t<section class=\"elementor-section elementor-top-section elementor-element elementor-element-90dd7e7 elementor-section-boxed elementor-section-height-default elementor-section-height-default\" data-id=\"90dd7e7\" data-element_type=\"section\">\n\t\t\t\t\t\t<div class=\"elementor-container elementor-column-gap-default\">\n\t\t\t\t\t<div class=\"elementor-column elementor-col-100 elementor-top-column elementor-element elementor-element-61b9746\" data-id=\"61b9746\" data-element_type=\"column\">\n\t\t\t<div class=\"elementor-widget-wrap elementor-element-populated\">\n\t\t\t\t\t\t<div class=\"elementor-element elementor-element-acb3b96 elementor-widget elementor-widget-image\" data-id=\"acb3b96\" data-element_type=\"widget\" data-widget_type=\"image.default\">\n\t\t\t\t<div class=\"elementor-widget-container\">\n\t\t\t\t\t\t\t\t\t\t\t\t<figure class=\"wp-caption\">\n\t\t\t\t\t\t\t\t\t\t<img loading=\"lazy\" decoding=\"async\" width=\"1024\" height=\"651\" src=\"https:\/\/www.giteexperience.com\/wp-content\/uploads\/2021\/06\/route_des_vins_alsace-1024x651.jpeg\" class=\"attachment-large size-large wp-image-2227\" alt=\"\" srcset=\"https:\/\/www.giteexperience.com\/wp-content\/uploads\/2021\/06\/route_des_vins_alsace-1024x651.jpeg 1024w, https:\/\/www.giteexperience.com\/wp-content\/uploads\/2021\/06\/route_des_vins_alsace-300x191.jpeg 300w, https:\/\/www.giteexperience.com\/wp-content\/uploads\/2021\/06\/route_des_vins_alsace-768x488.jpeg 768w, https:\/\/www.giteexperience.com\/wp-content\/uploads\/2021\/06\/route_des_vins_alsace-16x10.jpeg 16w, https:\/\/www.giteexperience.com\/wp-content\/uploads\/2021\/06\/route_des_vins_alsace.jpeg 1200w\" sizes=\"(max-width: 1024px) 100vw, 1024px\" \/>\t\t\t\t\t\t\t\t\t\t\t<figcaption class=\"widget-image-caption wp-caption-text\">A rota do vinho na Als\u00e1cia<\/figcaption>\n\t\t\t\t\t\t\t\t\t\t<\/figure>\n\t\t\t\t\t\t\t\t\t<\/div>\n\t\t\t\t<\/div>\n\t\t\t\t\t<\/div>\n\t\t<\/div>\n\t\t\t\t\t<\/div>\n\t\t<\/section>\n\t\t\t\t<section class=\"elementor-section elementor-top-section elementor-element elementor-element-35e491e elementor-section-boxed elementor-section-height-default elementor-section-height-default\" data-id=\"35e491e\" data-element_type=\"section\">\n\t\t\t\t\t\t<div class=\"elementor-container elementor-column-gap-default\">\n\t\t\t\t\t<div class=\"elementor-column elementor-col-100 elementor-top-column elementor-element elementor-element-99eb10c\" data-id=\"99eb10c\" data-element_type=\"column\">\n\t\t\t<div class=\"elementor-widget-wrap elementor-element-populated\">\n\t\t\t\t\t\t<div class=\"elementor-element elementor-element-2a9bfc5 elementor-widget elementor-widget-text-editor\" data-id=\"2a9bfc5\" data-element_type=\"widget\" data-widget_type=\"text-editor.default\">\n\t\t\t\t<div class=\"elementor-widget-container\">\n\t\t\t\t\t\t\t\t\t<h3>Als\u00e1cia tamb\u00e9m \u00e9...<\/h3><ul><li aria-level=\"1\">Vin\u00edcolas com vinhos de alta qualidade : Riesling, Moscatel, Pinot Gris e Gewurztraminer.<\/li><li aria-level=\"1\">A rota dos vinhos da Als\u00e1cia, que passa por belas aldeias : Colmar, o local de nascimento do papa Le\u00e3o IX, Hunspach, as portas dos restos da linha Maginot, Hunawihr e seus grands crus exce\u00e7\u00e3o do domaine Francisco Schwach, Riquewihr uma aldeia medieval para uma caminhada, fora do tempo, Mittelbergheim, no sop\u00e9 de mont-Saint-Odile e Ribeauvill\u00e9, cidade medieval 3 castelo-fortalezas e muralhas est\u00e3o bem conservados.<\/li><li aria-level=\"1\">O Sundgau no sul da Als\u00e1cia, perto da Su\u00ed\u00e7a e da Alemanha, com suas belas casas em estilo enxaimel e a sua especialidade culin\u00e1ria, a Carpa Frita.<\/li><li aria-level=\"1\">Os mercados de natal e deslumbrante.<\/li><li aria-level=\"1\">Cegonhas no topo da als\u00e1cia casas t\u00edpicas.<\/li><li aria-level=\"1\">Colmar e a sua &#034; Pequena Veneza &#034;, um nome dado no curso do Lan\u00e7amento por causa do alinhamento original das casas de ambos os lados do rio.\u00a0<\/li><li aria-level=\"1\">Caracter\u00edsticas culin\u00e1rias que despertam o paladar : o Munster, o gorgulho, chucrute, salgadinhos...<\/li><li aria-level=\"1\">E muitos outros pontos tur\u00edsticos...<\/li><\/ul><p>Em seguida, ser convencido, ou quase ? Por favor, n\u00e3o hesite em me <a href=\"https:\/\/www.giteexperience.com\/pt\/contact\/\">contacto<\/a>Eu vou ser feliz para responder a todas as suas perguntas. Vejo voc\u00eas em breve !<\/p>\t\t\t\t\t\t\t\t<\/div>\n\t\t\t\t<\/div>\n\t\t\t\t\t<\/div>\n\t\t<\/div>\n\t\t\t\t\t<\/div>\n\t\t<\/section>\n\t\t\t\t<section class=\"elementor-section elementor-top-section elementor-element elementor-element-accb9a6 elementor-section-boxed elementor-section-height-default elementor-section-height-default\" data-id=\"accb9a6\" data-element_type=\"section\">\n\t\t\t\t\t\t<div class=\"elementor-container elementor-column-gap-default\">\n\t\t\t\t\t<div class=\"elementor-column elementor-col-100 elementor-top-column elementor-element elementor-element-8eed79c\" data-id=\"8eed79c\" data-element_type=\"column\">\n\t\t\t<div class=\"elementor-widget-wrap elementor-element-populated\">\n\t\t\t\t\t\t<div class=\"elementor-element elementor-element-9c1c040 elementor-widget-divider--view-line elementor-widget elementor-widget-divider\" data-id=\"9c1c040\" data-element_type=\"widget\" data-widget_type=\"divider.default\">\n\t\t\t\t<div class=\"elementor-widget-container\">\n\t\t\t\t\t\t\t<div class=\"elementor-divider\">\n\t\t\t<span class=\"elementor-divider-separator\">\n\t\t\t\t\t\t<\/span>\n\t\t<\/div>\n\t\t\t\t\t\t<\/div>\n\t\t\t\t<\/div>\n\t\t\t\t\t<\/div>\n\t\t<\/div>\n\t\t\t\t\t<\/div>\n\t\t<\/section>\n\t\t\t\t<section class=\"elementor-section elementor-top-section elementor-element elementor-element-e7ef48e elementor-section-boxed elementor-section-height-default elementor-section-height-default\" data-id=\"e7ef48e\" data-element_type=\"section\">\n\t\t\t\t\t\t<div class=\"elementor-container elementor-column-gap-default\">\n\t\t\t\t\t<div class=\"elementor-column elementor-col-100 elementor-top-column elementor-element elementor-element-560324b\" data-id=\"560324b\" data-element_type=\"column\">\n\t\t\t<div class=\"elementor-widget-wrap elementor-element-populated\">\n\t\t\t\t\t\t<div class=\"elementor-element elementor-element-865cbfb elementor-widget-divider--view-line elementor-widget elementor-widget-divider\" data-id=\"865cbfb\" data-element_type=\"widget\" data-widget_type=\"divider.default\">\n\t\t\t\t<div class=\"elementor-widget-container\">\n\t\t\t\t\t\t\t<div class=\"elementor-divider\">\n\t\t\t<span class=\"elementor-divider-separator\">\n\t\t\t\t\t\t<\/span>\n\t\t<\/div>\n\t\t\t\t\t\t<\/div>\n\t\t\t\t<\/div>\n\t\t\t\t\t<\/div>\n\t\t<\/div>\n\t\t\t\t\t<\/div>\n\t\t<\/section>\n\t\t\t\t<section class=\"elementor-section elementor-top-section elementor-element elementor-element-06285df elementor-section-boxed elementor-section-height-default elementor-section-height-default\" data-id=\"06285df\" data-element_type=\"section\" data-settings=\"{&quot;background_background&quot;:&quot;classic&quot;}\">\n\t\t\t\t\t\t<div class=\"elementor-container elementor-column-gap-default\">\n\t\t\t\t\t<div class=\"elementor-column elementor-col-33 elementor-top-column elementor-element elementor-element-4aef8af\" data-id=\"4aef8af\" data-element_type=\"column\">\n\t\t\t<div class=\"elementor-widget-wrap elementor-element-populated\">\n\t\t\t\t\t\t<div class=\"elementor-element elementor-element-7780a74 elementor-star-rating--align-center elementor--star-style-star_fontawesome elementor-widget elementor-widget-star-rating\" data-id=\"7780a74\" data-element_type=\"widget\" data-widget_type=\"star-rating.default\">\n\t\t\t\t<div class=\"elementor-widget-container\">\n\t\t\t\t\t\n\t\t<div class=\"elementor-star-rating__wrapper\">\n\t\t\t\t\t\t\t<div class=\"elementor-star-rating__title\">AIRBNB<\/div>\n\t\t\t\t\t\t<div class=\"elementor-star-rating\" title=\"4.95\/5\" itemtype=\"http:\/\/schema.org\/Rating\" itemscope=\"\" itemprop=\"reviewRating\"><i class=\"elementor-star-full\">\ue934<\/i><i class=\"elementor-star-full\">\ue934<\/i><i class=\"elementor-star-full\">\ue934<\/i><i class=\"elementor-star-full\">\ue934<\/i><i class=\"elementor-star-9.5\">\ue934<\/i> <span itemprop=\"ratingValue\" class=\"elementor-screen-only\">4.95\/5<\/span><\/div>\t\t<\/div>\n\t\t\t\t\t\t<\/div>\n\t\t\t\t<\/div>\n\t\t\t\t\t<\/div>\n\t\t<\/div>\n\t\t\t\t<div class=\"elementor-column elementor-col-33 elementor-top-column elementor-element elementor-element-4035dc4\" data-id=\"4035dc4\" data-element_type=\"column\">\n\t\t\t<div class=\"elementor-widget-wrap elementor-element-populated\">\n\t\t\t\t\t\t<div class=\"elementor-element elementor-element-267398f elementor-star-rating--align-center elementor--star-style-star_fontawesome elementor-widget elementor-widget-star-rating\" data-id=\"267398f\" data-element_type=\"widget\" data-widget_type=\"star-rating.default\">\n\t\t\t\t<div class=\"elementor-widget-container\">\n\t\t\t\t\t\n\t\t<div class=\"elementor-star-rating__wrapper\">\n\t\t\t\t\t\t\t<div class=\"elementor-star-rating__title\">RESERVAS<\/div>\n\t\t\t\t\t\t<div class=\"elementor-star-rating\" title=\"9.5\/10\" itemtype=\"http:\/\/schema.org\/Rating\" itemscope=\"\" itemprop=\"reviewRating\"><i class=\"elementor-star-full\">\ue934<\/i><i class=\"elementor-star-full\">\ue934<\/i><i class=\"elementor-star-full\">\ue934<\/i><i class=\"elementor-star-full\">\ue934<\/i><i class=\"elementor-star-full\">\ue934<\/i><i class=\"elementor-star-full\">\ue934<\/i><i class=\"elementor-star-full\">\ue934<\/i><i class=\"elementor-star-full\">\ue934<\/i><i class=\"elementor-star-full\">\ue934<\/i><i class=\"elementor-star-5\">\ue934<\/i> <span itemprop=\"ratingValue\" class=\"elementor-screen-only\">9.5\/10<\/span><\/div>\t\t<\/div>\n\t\t\t\t\t\t<\/div>\n\t\t\t\t<\/div>\n\t\t\t\t\t<\/div>\n\t\t<\/div>\n\t\t\t\t<div class=\"elementor-column elementor-col-33 elementor-top-column elementor-element elementor-element-792c83d\" data-id=\"792c83d\" data-element_type=\"column\">\n\t\t\t<div class=\"elementor-widget-wrap elementor-element-populated\">\n\t\t\t\t\t\t<div class=\"elementor-element elementor-element-2d4f0f8 elementor-star-rating--align-center elementor--star-style-star_fontawesome elementor-widget elementor-widget-star-rating\" data-id=\"2d4f0f8\" data-element_type=\"widget\" data-widget_type=\"star-rating.default\">\n\t\t\t\t<div class=\"elementor-widget-container\">\n\t\t\t\t\t\n\t\t<div class=\"elementor-star-rating__wrapper\">\n\t\t\t\t\t\t\t<div class=\"elementor-star-rating__title\">O GOOGLE<\/div>\n\t\t\t\t\t\t<div class=\"elementor-star-rating\" title=\"5\/5\" itemtype=\"http:\/\/schema.org\/Rating\" itemscope=\"\" itemprop=\"reviewRating\"><i class=\"elementor-star-full\">\ue934<\/i><i class=\"elementor-star-full\">\ue934<\/i><i class=\"elementor-star-full\">\ue934<\/i><i class=\"elementor-star-full\">\ue934<\/i><i class=\"elementor-star-full\">\ue934<\/i> <span itemprop=\"ratingValue\" class=\"elementor-screen-only\">5\/5<\/span><\/div>\t\t<\/div>\n\t\t\t\t\t\t<\/div>\n\t\t\t\t<\/div>\n\t\t\t\t\t<\/div>\n\t\t<\/div>\n\t\t\t\t\t<\/div>\n\t\t<\/section>\n\t\t\t\t<section class=\"elementor-section elementor-top-section elementor-element elementor-element-59b285f elementor-section-boxed elementor-section-height-default elementor-section-height-default\" data-id=\"59b285f\" data-element_type=\"section\" data-settings=\"{&quot;background_background&quot;:&quot;classic&quot;}\">\n\t\t\t\t\t\t<div class=\"elementor-container elementor-column-gap-default\">\n\t\t\t\t\t<div class=\"elementor-column elementor-col-100 elementor-top-column elementor-element elementor-element-104ab71\" data-id=\"104ab71\" data-element_type=\"column\">\n\t\t\t<div class=\"elementor-widget-wrap elementor-element-populated\">\n\t\t\t\t\t\t<div class=\"elementor-element elementor-element-b6e2a12 elementor-widget elementor-widget-testimonial-carousel\" data-id=\"b6e2a12\" data-element_type=\"widget\" data-widget_type=\"testimonial-carousel.default\">\n\t\t\t\t<div class=\"elementor-widget-container\">\n\t\t\t\t\t \t\t\t\t<\/div>\n\t\t\t\t<\/div>\n\t\t\t\t<div class=\"elementor-element elementor-element-148e9f2 elementor-align-center elementor-widget elementor-widget-button\" data-id=\"148e9f2\" data-element_type=\"widget\" data-widget_type=\"button.default\">\n\t\t\t\t<div class=\"elementor-widget-container\">\n\t\t\t\t\t\t\t\t\t<div class=\"elementor-button-wrapper\">\n\t\t\t\t\t<a class=\"elementor-button elementor-button-link elementor-size-sm\" href=\"https:\/\/www.giteexperience.com\/pt\/contact-reservation-gite\/\">\n\t\t\t\t\t\t<span class=\"elementor-button-content-wrapper\">\n\t\t\t\t\t\t<span class=\"elementor-button-icon\">\n\t\t\t\t<i aria-hidden=\"true\" class=\"fas fa-angle-right\"><\/i>\t\t\t<\/span>\n\t\t\t\t\t\t\t\t\t<span class=\"elementor-button-text\">Clique aqui para reservar<\/span>\n\t\t\t\t\t<\/span>\n\t\t\t\t\t<\/a>\n\t\t\t\t<\/div>\n\t\t\t\t\t\t\t\t<\/div>\n\t\t\t\t<\/div>\n\t\t\t\t\t<\/div>\n\t\t<\/div>\n\t\t\t\t\t<\/div>\n\t\t<\/section>\n\t\t\t\t<\/div>","protected":false},"excerpt":{"rendered":"<p>Le g\u00eete de vacances le Pied \u00e0 Terre : votre appartement priv\u00e9 Vous voulez visiter l\u2019Alsace pendant vos vacances, un week-end, une halte avant Europa-Park ? Cette r\u00e9gion historique de la plaine du Rhin qui fait maintenant partie du Grand-Est a tout pour plaire. Le tourisme en Alsace pour des vacances en famille ou un [&hellip;]<\/p>","protected":false},"author":1,"featured_media":2560,"comment_status":"closed","ping_status":"closed","sticky":false,"template":"","format":"standard","meta":{"ocean_post_layout":"full-screen","ocean_both_sidebars_style":"","ocean_both_sidebars_content_width":0,"ocean_both_sidebars_sidebars_width":0,"ocean_sidebar":"0","ocean_second_sidebar":"0","ocean_disable_margins":"on","ocean_add_body_class":"","ocean_shortcode_before_top_bar":"","ocean_shortcode_after_top_bar":"","ocean_shortcode_before_header":"","ocean_shortcode_after_header":"","ocean_has_shortcode":"","ocean_shortcode_after_title":"","ocean_shortcode_before_footer_widgets":"","ocean_shortcode_after_footer_widgets":"","ocean_shortcode_before_footer_bottom":"","ocean_shortcode_after_footer_bottom":"","ocean_display_top_bar":"default","ocean_display_header":"default","ocean_header_style":"","ocean_center_header_left_menu":"0","ocean_custom_header_template":"0","ocean_custom_logo":0,"ocean_custom_retina_logo":0,"ocean_custom_logo_max_width":0,"ocean_custom_logo_tablet_max_width":0,"ocean_custom_logo_mobile_max_width":0,"ocean_custom_logo_max_height":0,"ocean_custom_logo_tablet_max_height":0,"ocean_custom_logo_mobile_max_height":0,"ocean_header_custom_menu":"0","ocean_menu_typo_font_family":"0","ocean_menu_typo_font_subset":"","ocean_menu_typo_font_size":0,"ocean_menu_typo_font_size_tablet":0,"ocean_menu_typo_font_size_mobile":0,"ocean_menu_typo_font_size_unit":"px","ocean_menu_typo_font_weight":"","ocean_menu_typo_font_weight_tablet":"","ocean_menu_typo_font_weight_mobile":"","ocean_menu_typo_transform":"","ocean_menu_typo_transform_tablet":"","ocean_menu_typo_transform_mobile":"","ocean_menu_typo_line_height":0,"ocean_menu_typo_line_height_tablet":0,"ocean_menu_typo_line_height_mobile":0,"ocean_menu_typo_line_height_unit":"","ocean_menu_typo_spacing":0,"ocean_menu_typo_spacing_tablet":0,"ocean_menu_typo_spacing_mobile":0,"ocean_menu_typo_spacing_unit":"","ocean_menu_link_color":"","ocean_menu_link_color_hover":"","ocean_menu_link_color_active":"","ocean_menu_link_background":"","ocean_menu_link_hover_background":"","ocean_menu_link_active_background":"","ocean_menu_social_links_bg":"","ocean_menu_social_hover_links_bg":"","ocean_menu_social_links_color":"","ocean_menu_social_hover_links_color":"","ocean_disable_title":"on","ocean_disable_heading":"default","ocean_post_title":"","ocean_post_subheading":"","ocean_post_title_style":"","ocean_post_title_background_color":"","ocean_post_title_background":0,"ocean_post_title_bg_image_position":"","ocean_post_title_bg_image_attachment":"","ocean_post_title_bg_image_repeat":"","ocean_post_title_bg_image_size":"","ocean_post_title_height":0,"ocean_post_title_bg_overlay":0.5,"ocean_post_title_bg_overlay_color":"","ocean_disable_breadcrumbs":"default","ocean_breadcrumbs_color":"","ocean_breadcrumbs_separator_color":"","ocean_breadcrumbs_links_color":"","ocean_breadcrumbs_links_hover_color":"","ocean_display_footer_widgets":"default","ocean_display_footer_bottom":"default","ocean_custom_footer_template":"0","ocean_post_oembed":"","ocean_post_self_hosted_media":"","ocean_post_video_embed":"","ocean_link_format":"","ocean_link_format_target":"self","ocean_quote_format":"","ocean_quote_format_link":"post","ocean_gallery_link_images":"off","ocean_gallery_id":[],"footnotes":""},"categories":[59],"tags":[],"class_list":["post-2531","post","type-post","status-publish","format-standard","has-post-thumbnail","hentry","category-gite-en-alsace","entry","has-media"],"yoast_head":"<!-- This site is optimized with the Yoast SEO plugin v25.3 - https:\/\/yoast.com\/wordpress\/plugins\/seo\/ -->\n<title>Le Pied \u00e0 Terre : Comme \u00e0 la Maison \u00e0 Marmoutier \u00e0 cot\u00e9 de Saverne - Gite Exp\u00e9rience<\/title>\n<meta name=\"description\" content=\"Le g\u00eete de vacances 3 \u00e9toiles Carpe Diem au centre de Marmoutier, tout pr\u00e8s de Strasbourg et de Saverne, est un appartement 5 couchages id\u00e9al pour visiter l&#039;Alsace. Vous y trouverez tout le confort moderne : \u00e9quipement, wifi, Netflix...\" \/>\n<meta name=\"robots\" content=\"index, follow, max-snippet:-1, max-image-preview:large, max-video-preview:-1\" \/>\n<link rel=\"canonical\" href=\"https:\/\/www.giteexperience.com\/pt\/le-pied-a-terre-comme-a-la-maison-a-marmoutier-a-cote-de-saverne\/\" \/>\n<meta property=\"og:locale\" content=\"pt_PT\" \/>\n<meta property=\"og:type\" content=\"article\" \/>\n<meta property=\"og:title\" content=\"Le Pied \u00e0 Terre : Comme \u00e0 la Maison \u00e0 Marmoutier \u00e0 cot\u00e9 de Saverne - Gite Exp\u00e9rience\" \/>\n<meta property=\"og:description\" content=\"Le g\u00eete de vacances 3 \u00e9toiles Carpe Diem au centre de Marmoutier, tout pr\u00e8s de Strasbourg et de Saverne, est un appartement 5 couchages id\u00e9al pour visiter l&#039;Alsace. Vous y trouverez tout le confort moderne : \u00e9quipement, wifi, Netflix...\" \/>\n<meta property=\"og:url\" content=\"https:\/\/www.giteexperience.com\/pt\/le-pied-a-terre-comme-a-la-maison-a-marmoutier-a-cote-de-saverne\/\" \/>\n<meta property=\"og:site_name\" content=\"Gite Exp\u00e9rience\" \/>\n<meta property=\"article:published_time\" content=\"2022-03-14T19:24:17+00:00\" \/>\n<meta property=\"article:modified_time\" content=\"2023-11-15T15:15:31+00:00\" \/>\n<meta property=\"og:image\" content=\"http:\/\/www.giteexperience.com\/wp-content\/uploads\/2022\/03\/mosaique.png\" \/>\n\t<meta property=\"og:image:width\" content=\"1024\" \/>\n\t<meta property=\"og:image:height\" content=\"724\" \/>\n\t<meta property=\"og:image:type\" content=\"image\/png\" \/>\n<meta name=\"author\" content=\"admin\" \/>\n<meta name=\"twitter:card\" content=\"summary_large_image\" \/>\n<meta name=\"twitter:label1\" content=\"Escrito por\" \/>\n\t<meta name=\"twitter:data1\" content=\"admin\" \/>\n\t<meta name=\"twitter:label2\" content=\"Tempo estimado de leitura\" \/>\n\t<meta name=\"twitter:data2\" content=\"8 minutos\" \/>\n<script type=\"application\/ld+json\" class=\"yoast-schema-graph\">{\"@context\":\"https:\/\/schema.org\",\"@graph\":[{\"@type\":\"Article\",\"@id\":\"https:\/\/www.giteexperience.com\/le-pied-a-terre-comme-a-la-maison-a-marmoutier-a-cote-de-saverne\/#article\",\"isPartOf\":{\"@id\":\"https:\/\/www.giteexperience.com\/le-pied-a-terre-comme-a-la-maison-a-marmoutier-a-cote-de-saverne\/\"},\"author\":{\"name\":\"admin\",\"@id\":\"http:\/\/www.giteexperience.com\/en\/#\/schema\/person\/b38e110173f9765ca432322b466d41a8\"},\"headline\":\"Le Pied \u00e0 Terre : Comme \u00e0 la Maison \u00e0 Marmoutier \u00e0 cot\u00e9 de Saverne\",\"datePublished\":\"2022-03-14T19:24:17+00:00\",\"dateModified\":\"2023-11-15T15:15:31+00:00\",\"mainEntityOfPage\":{\"@id\":\"https:\/\/www.giteexperience.com\/le-pied-a-terre-comme-a-la-maison-a-marmoutier-a-cote-de-saverne\/\"},\"wordCount\":1437,\"publisher\":{\"@id\":\"http:\/\/www.giteexperience.com\/en\/#organization\"},\"image\":{\"@id\":\"https:\/\/www.giteexperience.com\/le-pied-a-terre-comme-a-la-maison-a-marmoutier-a-cote-de-saverne\/#primaryimage\"},\"thumbnailUrl\":\"https:\/\/www.giteexperience.com\/wp-content\/uploads\/2022\/03\/mosaique.png\",\"articleSection\":[\"Votre g\u00eete en Alsace\"],\"inLanguage\":\"pt-PT\"},{\"@type\":\"WebPage\",\"@id\":\"https:\/\/www.giteexperience.com\/le-pied-a-terre-comme-a-la-maison-a-marmoutier-a-cote-de-saverne\/\",\"url\":\"https:\/\/www.giteexperience.com\/le-pied-a-terre-comme-a-la-maison-a-marmoutier-a-cote-de-saverne\/\",\"name\":\"Le Pied \u00e0 Terre : Comme \u00e0 la Maison \u00e0 Marmoutier \u00e0 cot\u00e9 de Saverne - Gite Exp\u00e9rience\",\"isPartOf\":{\"@id\":\"http:\/\/www.giteexperience.com\/en\/#website\"},\"primaryImageOfPage\":{\"@id\":\"https:\/\/www.giteexperience.com\/le-pied-a-terre-comme-a-la-maison-a-marmoutier-a-cote-de-saverne\/#primaryimage\"},\"image\":{\"@id\":\"https:\/\/www.giteexperience.com\/le-pied-a-terre-comme-a-la-maison-a-marmoutier-a-cote-de-saverne\/#primaryimage\"},\"thumbnailUrl\":\"https:\/\/www.giteexperience.com\/wp-content\/uploads\/2022\/03\/mosaique.png\",\"datePublished\":\"2022-03-14T19:24:17+00:00\",\"dateModified\":\"2023-11-15T15:15:31+00:00\",\"description\":\"Le g\u00eete de vacances 3 \u00e9toiles Carpe Diem au centre de Marmoutier, tout pr\u00e8s de Strasbourg et de Saverne, est un appartement 5 couchages id\u00e9al pour visiter l'Alsace. Vous y trouverez tout le confort moderne : \u00e9quipement, wifi, Netflix...\",\"breadcrumb\":{\"@id\":\"https:\/\/www.giteexperience.com\/le-pied-a-terre-comme-a-la-maison-a-marmoutier-a-cote-de-saverne\/#breadcrumb\"},\"inLanguage\":\"pt-PT\",\"potentialAction\":[{\"@type\":\"ReadAction\",\"target\":[\"https:\/\/www.giteexperience.com\/le-pied-a-terre-comme-a-la-maison-a-marmoutier-a-cote-de-saverne\/\"]}]},{\"@type\":\"ImageObject\",\"inLanguage\":\"pt-PT\",\"@id\":\"https:\/\/www.giteexperience.com\/le-pied-a-terre-comme-a-la-maison-a-marmoutier-a-cote-de-saverne\/#primaryimage\",\"url\":\"https:\/\/www.giteexperience.com\/wp-content\/uploads\/2022\/03\/mosaique.png\",\"contentUrl\":\"https:\/\/www.giteexperience.com\/wp-content\/uploads\/2022\/03\/mosaique.png\",\"width\":1024,\"height\":724},{\"@type\":\"BreadcrumbList\",\"@id\":\"https:\/\/www.giteexperience.com\/le-pied-a-terre-comme-a-la-maison-a-marmoutier-a-cote-de-saverne\/#breadcrumb\",\"itemListElement\":[{\"@type\":\"ListItem\",\"position\":1,\"name\":\"Accueil\",\"item\":\"https:\/\/www.giteexperience.com\/\"},{\"@type\":\"ListItem\",\"position\":2,\"name\":\"Le Pied \u00e0 Terre : Comme \u00e0 la Maison \u00e0 Marmoutier \u00e0 cot\u00e9 de Saverne\"}]},{\"@type\":\"WebSite\",\"@id\":\"http:\/\/www.giteexperience.com\/en\/#website\",\"url\":\"http:\/\/www.giteexperience.com\/en\/\",\"name\":\"G\u00eete Exp\u00e9rience\",\"description\":\"Un logement, une exp\u00e9rience, des souvernirs\",\"publisher\":{\"@id\":\"http:\/\/www.giteexperience.com\/en\/#organization\"},\"potentialAction\":[{\"@type\":\"SearchAction\",\"target\":{\"@type\":\"EntryPoint\",\"urlTemplate\":\"http:\/\/www.giteexperience.com\/en\/?s={search_term_string}\"},\"query-input\":{\"@type\":\"PropertyValueSpecification\",\"valueRequired\":true,\"valueName\":\"search_term_string\"}}],\"inLanguage\":\"pt-PT\"},{\"@type\":\"Organization\",\"@id\":\"http:\/\/www.giteexperience.com\/en\/#organization\",\"name\":\"gite exp\u00e9rience\",\"url\":\"http:\/\/www.giteexperience.com\/en\/\",\"logo\":{\"@type\":\"ImageObject\",\"inLanguage\":\"pt-PT\",\"@id\":\"http:\/\/www.giteexperience.com\/en\/#\/schema\/logo\/image\/\",\"url\":\"https:\/\/www.giteexperience.com\/wp-content\/uploads\/2021\/05\/logo.png\",\"contentUrl\":\"https:\/\/www.giteexperience.com\/wp-content\/uploads\/2021\/05\/logo.png\",\"width\":376,\"height\":55,\"caption\":\"gite exp\u00e9rience\"},\"image\":{\"@id\":\"http:\/\/www.giteexperience.com\/en\/#\/schema\/logo\/image\/\"}},{\"@type\":\"Person\",\"@id\":\"http:\/\/www.giteexperience.com\/en\/#\/schema\/person\/b38e110173f9765ca432322b466d41a8\",\"name\":\"admin\",\"image\":{\"@type\":\"ImageObject\",\"inLanguage\":\"pt-PT\",\"@id\":\"http:\/\/www.giteexperience.com\/en\/#\/schema\/person\/image\/\",\"url\":\"https:\/\/secure.gravatar.com\/avatar\/ee4257c160232ddfb8484fc5098fd45ecceeda4c1d3e723d067b831dbec7fe34?s=96&d=mm&r=g\",\"contentUrl\":\"https:\/\/secure.gravatar.com\/avatar\/ee4257c160232ddfb8484fc5098fd45ecceeda4c1d3e723d067b831dbec7fe34?s=96&d=mm&r=g\",\"caption\":\"admin\"},\"sameAs\":[\"http:\/\/www.giteexperience.com\"]}]}<\/script>\n<!-- \/ Yoast SEO plugin. -->","yoast_head_json":{"title":"Le Pied \u00e0 Terre : Comme \u00e0 la Maison \u00e0 Marmoutier \u00e0 cot\u00e9 de Saverne - Gite Exp\u00e9rience","description":"Le g\u00eete de vacances 3 \u00e9toiles Carpe Diem au centre de Marmoutier, tout pr\u00e8s de Strasbourg et de Saverne, est un appartement 5 couchages id\u00e9al pour visiter l'Alsace. Vous y trouverez tout le confort moderne : \u00e9quipement, wifi, Netflix...","robots":{"index":"index","follow":"follow","max-snippet":"max-snippet:-1","max-image-preview":"max-image-preview:large","max-video-preview":"max-video-preview:-1"},"canonical":"https:\/\/www.giteexperience.com\/pt\/le-pied-a-terre-comme-a-la-maison-a-marmoutier-a-cote-de-saverne\/","og_locale":"pt_PT","og_type":"article","og_title":"Le Pied \u00e0 Terre : Comme \u00e0 la Maison \u00e0 Marmoutier \u00e0 cot\u00e9 de Saverne - Gite Exp\u00e9rience","og_description":"Le g\u00eete de vacances 3 \u00e9toiles Carpe Diem au centre de Marmoutier, tout pr\u00e8s de Strasbourg et de Saverne, est un appartement 5 couchages id\u00e9al pour visiter l'Alsace. Vous y trouverez tout le confort moderne : \u00e9quipement, wifi, Netflix...","og_url":"https:\/\/www.giteexperience.com\/pt\/le-pied-a-terre-comme-a-la-maison-a-marmoutier-a-cote-de-saverne\/","og_site_name":"Gite Exp\u00e9rience","article_published_time":"2022-03-14T19:24:17+00:00","article_modified_time":"2023-11-15T15:15:31+00:00","og_image":[{"width":1024,"height":724,"url":"http:\/\/www.giteexperience.com\/wp-content\/uploads\/2022\/03\/mosaique.png","type":"image\/png"}],"author":"admin","twitter_card":"summary_large_image","twitter_misc":{"Escrito por":"admin","Tempo estimado de leitura":"8 minutos"},"schema":{"@context":"https:\/\/schema.org","@graph":[{"@type":"Article","@id":"https:\/\/www.giteexperience.com\/le-pied-a-terre-comme-a-la-maison-a-marmoutier-a-cote-de-saverne\/#article","isPartOf":{"@id":"https:\/\/www.giteexperience.com\/le-pied-a-terre-comme-a-la-maison-a-marmoutier-a-cote-de-saverne\/"},"author":{"name":"admin","@id":"http:\/\/www.giteexperience.com\/en\/#\/schema\/person\/b38e110173f9765ca432322b466d41a8"},"headline":"Le Pied \u00e0 Terre : Comme \u00e0 la Maison \u00e0 Marmoutier \u00e0 cot\u00e9 de Saverne","datePublished":"2022-03-14T19:24:17+00:00","dateModified":"2023-11-15T15:15:31+00:00","mainEntityOfPage":{"@id":"https:\/\/www.giteexperience.com\/le-pied-a-terre-comme-a-la-maison-a-marmoutier-a-cote-de-saverne\/"},"wordCount":1437,"publisher":{"@id":"http:\/\/www.giteexperience.com\/en\/#organization"},"image":{"@id":"https:\/\/www.giteexperience.com\/le-pied-a-terre-comme-a-la-maison-a-marmoutier-a-cote-de-saverne\/#primaryimage"},"thumbnailUrl":"https:\/\/www.giteexperience.com\/wp-content\/uploads\/2022\/03\/mosaique.png","articleSection":["Votre g\u00eete en Alsace"],"inLanguage":"pt-PT"},{"@type":"WebPage","@id":"https:\/\/www.giteexperience.com\/le-pied-a-terre-comme-a-la-maison-a-marmoutier-a-cote-de-saverne\/","url":"https:\/\/www.giteexperience.com\/le-pied-a-terre-comme-a-la-maison-a-marmoutier-a-cote-de-saverne\/","name":"Le Pied \u00e0 Terre : Comme \u00e0 la Maison \u00e0 Marmoutier \u00e0 cot\u00e9 de Saverne - Gite Exp\u00e9rience","isPartOf":{"@id":"http:\/\/www.giteexperience.com\/en\/#website"},"primaryImageOfPage":{"@id":"https:\/\/www.giteexperience.com\/le-pied-a-terre-comme-a-la-maison-a-marmoutier-a-cote-de-saverne\/#primaryimage"},"image":{"@id":"https:\/\/www.giteexperience.com\/le-pied-a-terre-comme-a-la-maison-a-marmoutier-a-cote-de-saverne\/#primaryimage"},"thumbnailUrl":"https:\/\/www.giteexperience.com\/wp-content\/uploads\/2022\/03\/mosaique.png","datePublished":"2022-03-14T19:24:17+00:00","dateModified":"2023-11-15T15:15:31+00:00","description":"Le g\u00eete de vacances 3 \u00e9toiles Carpe Diem au centre de Marmoutier, tout pr\u00e8s de Strasbourg et de Saverne, est un appartement 5 couchages id\u00e9al pour visiter l'Alsace. Vous y trouverez tout le confort moderne : \u00e9quipement, wifi, Netflix...","breadcrumb":{"@id":"https:\/\/www.giteexperience.com\/le-pied-a-terre-comme-a-la-maison-a-marmoutier-a-cote-de-saverne\/#breadcrumb"},"inLanguage":"pt-PT","potentialAction":[{"@type":"ReadAction","target":["https:\/\/www.giteexperience.com\/le-pied-a-terre-comme-a-la-maison-a-marmoutier-a-cote-de-saverne\/"]}]},{"@type":"ImageObject","inLanguage":"pt-PT","@id":"https:\/\/www.giteexperience.com\/le-pied-a-terre-comme-a-la-maison-a-marmoutier-a-cote-de-saverne\/#primaryimage","url":"https:\/\/www.giteexperience.com\/wp-content\/uploads\/2022\/03\/mosaique.png","contentUrl":"https:\/\/www.giteexperience.com\/wp-content\/uploads\/2022\/03\/mosaique.png","width":1024,"height":724},{"@type":"BreadcrumbList","@id":"https:\/\/www.giteexperience.com\/le-pied-a-terre-comme-a-la-maison-a-marmoutier-a-cote-de-saverne\/#breadcrumb","itemListElement":[{"@type":"ListItem","position":1,"name":"Accueil","item":"https:\/\/www.giteexperience.com\/"},{"@type":"ListItem","position":2,"name":"Le Pied \u00e0 Terre : Comme \u00e0 la Maison \u00e0 Marmoutier \u00e0 cot\u00e9 de Saverne"}]},{"@type":"WebSite","@id":"http:\/\/www.giteexperience.com\/en\/#website","url":"http:\/\/www.giteexperience.com\/en\/","name":"G\u00eete Exp\u00e9rience","description":"Un logement, une exp\u00e9rience, des souvernirs","publisher":{"@id":"http:\/\/www.giteexperience.com\/en\/#organization"},"potentialAction":[{"@type":"SearchAction","target":{"@type":"EntryPoint","urlTemplate":"http:\/\/www.giteexperience.com\/en\/?s={search_term_string}"},"query-input":{"@type":"PropertyValueSpecification","valueRequired":true,"valueName":"search_term_string"}}],"inLanguage":"pt-PT"},{"@type":"Organization","@id":"http:\/\/www.giteexperience.com\/en\/#organization","name":"gite exp\u00e9rience","url":"http:\/\/www.giteexperience.com\/en\/","logo":{"@type":"ImageObject","inLanguage":"pt-PT","@id":"http:\/\/www.giteexperience.com\/en\/#\/schema\/logo\/image\/","url":"https:\/\/www.giteexperience.com\/wp-content\/uploads\/2021\/05\/logo.png","contentUrl":"https:\/\/www.giteexperience.com\/wp-content\/uploads\/2021\/05\/logo.png","width":376,"height":55,"caption":"gite exp\u00e9rience"},"image":{"@id":"http:\/\/www.giteexperience.com\/en\/#\/schema\/logo\/image\/"}},{"@type":"Person","@id":"http:\/\/www.giteexperience.com\/en\/#\/schema\/person\/b38e110173f9765ca432322b466d41a8","name":"admin","image":{"@type":"ImageObject","inLanguage":"pt-PT","@id":"http:\/\/www.giteexperience.com\/en\/#\/schema\/person\/image\/","url":"https:\/\/secure.gravatar.com\/avatar\/ee4257c160232ddfb8484fc5098fd45ecceeda4c1d3e723d067b831dbec7fe34?s=96&d=mm&r=g","contentUrl":"https:\/\/secure.gravatar.com\/avatar\/ee4257c160232ddfb8484fc5098fd45ecceeda4c1d3e723d067b831dbec7fe34?s=96&d=mm&r=g","caption":"admin"},"sameAs":["http:\/\/www.giteexperience.com"]}]}},"_links":{"self":[{"href":"https:\/\/www.giteexperience.com\/pt\/wp-json\/wp\/v2\/posts\/2531","targetHints":{"allow":["GET"]}}],"collection":[{"href":"https:\/\/www.giteexperience.com\/pt\/wp-json\/wp\/v2\/posts"}],"about":[{"href":"https:\/\/www.giteexperience.com\/pt\/wp-json\/wp\/v2\/types\/post"}],"author":[{"embeddable":true,"href":"https:\/\/www.giteexperience.com\/pt\/wp-json\/wp\/v2\/users\/1"}],"replies":[{"embeddable":true,"href":"https:\/\/www.giteexperience.com\/pt\/wp-json\/wp\/v2\/comments?post=2531"}],"version-history":[{"count":18,"href":"https:\/\/www.giteexperience.com\/pt\/wp-json\/wp\/v2\/posts\/2531\/revisions"}],"predecessor-version":[{"id":2642,"href":"https:\/\/www.giteexperience.com\/pt\/wp-json\/wp\/v2\/posts\/2531\/revisions\/2642"}],"wp:featuredmedia":[{"embeddable":true,"href":"https:\/\/www.giteexperience.com\/pt\/wp-json\/wp\/v2\/media\/2560"}],"wp:attachment":[{"href":"https:\/\/www.giteexperience.com\/pt\/wp-json\/wp\/v2\/media?parent=2531"}],"wp:term":[{"taxonomy":"category","embeddable":true,"href":"https:\/\/www.giteexperience.com\/pt\/wp-json\/wp\/v2\/categories?post=2531"},{"taxonomy":"post_tag","embeddable":true,"href":"https:\/\/www.giteexperience.com\/pt\/wp-json\/wp\/v2\/tags?post=2531"}],"curies":[{"name":"wp","href":"https:\/\/api.w.org\/{rel}","templated":true}]}}